{"id":275,"date":"2012-11-15T18:44:37","date_gmt":"2012-11-15T20:44:37","guid":{"rendered":"http:\/\/blog.os-teixeiras.com\/?p=275"},"modified":"2012-11-17T22:41:51","modified_gmt":"2012-11-18T00:41:51","slug":"valzinho-liberacao-na-censura","status":"publish","type":"post","link":"http:\/\/blog.os-teixeiras.com\/?p=275","title":{"rendered":"Valzinho: Libera\u00e7\u00e3o na censura"},"content":{"rendered":"<p><a href=\"http:\/\/blog.os-teixeiras.com\/wp-content\/uploads\/2012\/11\/Liberacao-Censura-Disco.jpg\"><img class=\"alignleft  wp-image-276\" title=\"Liberac\u0327a\u0303o Censura Disco\" src=\"http:\/\/blog.os-teixeiras.com\/wp-content\/uploads\/2012\/11\/Liberacao-Censura-Disco-300x297.jpg\" alt=\"\" \/><\/a>Aqui um documento hist\u00f3rico. Assinado por Herm\u00ednio Bello de Carvalho, o documento que solicita ao Servi\u00e7o de Censura, a libera\u00e7\u00e3o das letras das m\u00fasicas que comporiam o disco Valzinho: Um Doce Veneno. O documento \u00e9 datado de 04 de Janeiro de 1979. As m\u00fasicas foram liberadas em 10 de Janeiro do mesmo ano.<\/p>\n<p>Com este documento, e com as letras que est\u00e3o anexadas a ele, j\u00e1 com o carimbo de libera\u00e7\u00e3o da censura, acredito que tenha resolvido uma quest\u00e3o que paira sobre a obra do Valzinho, que diz respeito a letra da m\u00fasica &#8220;O teu olhar&#8221;, feita com Garoto.<\/p>\n<p>O pesquisador Jorge Mello me forneceu dois documento com a letra de Garoto, onde constam a letra e a partitura de uma m\u00fasica dos dois, chamada no documento como &#8220;O que do teu olhar&#8221;, m\u00fasica de Garoto e letra de Valzinho.<\/p>\n<p><a href=\"http:\/\/blog.os-teixeiras.com\/wp-content\/uploads\/2012\/11\/Letra-Garoto-O-que-do-teu-olhar.jpg\"><img loading=\"lazy\" class=\"alignleft size-medium wp-image-277\" title=\"Letra Garoto - O que do teu olhar\" src=\"http:\/\/blog.os-teixeiras.com\/wp-content\/uploads\/2012\/11\/Letra-Garoto-O-que-do-teu-olhar-218x300.jpg\" alt=\"\" width=\"218\" height=\"300\" srcset=\"http:\/\/blog.os-teixeiras.com\/wp-content\/uploads\/2012\/11\/Letra-Garoto-O-que-do-teu-olhar-218x300.jpg 218w, http:\/\/blog.os-teixeiras.com\/wp-content\/uploads\/2012\/11\/Letra-Garoto-O-que-do-teu-olhar-744x1024.jpg 744w, http:\/\/blog.os-teixeiras.com\/wp-content\/uploads\/2012\/11\/Letra-Garoto-O-que-do-teu-olhar.jpg 1700w\" sizes=\"(max-width: 218px) 100vw, 218px\" \/><\/a>Aqui o documento com a letra da m\u00fasica, escrito pelo pr\u00f3prio Garoto.<\/p>\n<p>&nbsp;<\/p>\n<p>&nbsp;<\/p>\n<p>&nbsp;<\/p>\n<p>&nbsp;<\/p>\n<p>&nbsp;<\/p>\n<p>&nbsp;<\/p>\n<p><a href=\"http:\/\/blog.os-teixeiras.com\/wp-content\/uploads\/2012\/11\/Liberacao-Censura-O-teu-olhar.jpg\"><img class=\"alignleft  wp-image-278\" title=\"Liberac\u0327a\u0303o Censura - O teu olhar\" src=\"http:\/\/blog.os-teixeiras.com\/wp-content\/uploads\/2012\/11\/Liberacao-Censura-O-teu-olhar-219x300.jpg\" alt=\"\" \/><\/a>Aqui a letra que foi liberada na censura em 10 de Janeiro de 1979.<\/p>\n<p>Valzinho fez esta m\u00fasica com Garoto na d\u00e9cada de 30 ou 40, ele n\u00e3o sabia dizer quando. Sofreu um enfarte em 1965 que o debilitou bastante. Em 1970, quando gravou algumas m\u00fasicas na casa do Herm\u00ednio Bello de Carvalho, j\u00e1 apresentou esta m\u00fasica como o nome &#8220;O teu olhar&#8221; e com esta letra aqui.<\/p>\n<p>Muito provavelmente Valzinho esqueceu-se da letra original e n\u00e3o encontrou nenhum apontamento, ou o que encontrou n\u00e3o lhe satisfez, da letra desta m\u00fasica e fez outra para a audi\u00e7\u00e3o na casa do Herm\u00ednio, que foi a que acabou ficando para o disco.<\/p>\n<p><a href=\"http:\/\/blog.os-teixeiras.com\/wp-content\/uploads\/2012\/11\/O-teu-olhar-versao-1-Valzinho-.jpg\"><img class=\"alignleft  wp-image-279\" title=\"O teu olhar - versa\u0303o 1 Valzinho\" src=\"http:\/\/blog.os-teixeiras.com\/wp-content\/uploads\/2012\/11\/O-teu-olhar-versao-1-Valzinho--300x179.jpg\" alt=\"\" \/><\/a>Encontrei nos papeis de Valzinho, uma terceira vers\u00e3o, que mistura a que foi gravada com a que o Garoto tinha anotado.<\/p>\n<p>Presumo que para resolver a quest\u00e3o, Valzinho fez antes de ir a casa do Herm\u00ednio, uma nova letra, pois se esquecera da original, provavelmente a que Garoto apontou, caso ele fosse mais organizado que o meu tio.<\/p>\n<p>Mais sobre este assunto em: <a href=\"http:\/\/sovacodecobra.uol.com.br\/2007\/10\/teu-olhar\" target=\"_blank\">http:\/\/sovacodecobra.uol.com.br\/2007\/10\/teu-olhar<\/a><\/p>\n<p>&nbsp;<\/p>\n","protected":false},"excerpt":{"rendered":"<p>Aqui um documento hist\u00f3rico. Assinado por Herm\u00ednio Bello de Carvalho, o documento que solicita ao Servi\u00e7o de Censura, a libera\u00e7\u00e3o das letras das m\u00fasicas que comporiam o disco Valzinho: Um Doce Veneno. O documento \u00e9 datado de 04 de Janeiro &hellip; <a href=\"http:\/\/blog.os-teixeiras.com\/?p=275\">Continue lendo <span class=\"meta-nav\">&rarr;<\/span><\/a><\/p>\n","protected":false},"author":3,"featured_media":0,"comment_status":"open","ping_status":"open","sticky":false,"template":"","format":"standard","meta":[],"categories":[16,5,25,7,15,14],"tags":[],"_links":{"self":[{"href":"http:\/\/blog.os-teixeiras.com\/index.php?rest_route=\/wp\/v2\/posts\/275"}],"collection":[{"href":"http:\/\/blog.os-teixeiras.com\/index.php?rest_route=\/wp\/v2\/posts"}],"about":[{"href":"http:\/\/blog.os-teixeiras.com\/index.php?rest_route=\/wp\/v2\/types\/post"}],"author":[{"embeddable":true,"href":"http:\/\/blog.os-teixeiras.com\/index.php?rest_route=\/wp\/v2\/users\/3"}],"replies":[{"embeddable":true,"href":"http:\/\/blog.os-teixeiras.com\/index.php?rest_route=%2Fwp%2Fv2%2Fcomments&post=275"}],"version-history":[{"count":6,"href":"http:\/\/blog.os-teixeiras.com\/index.php?rest_route=\/wp\/v2\/posts\/275\/revisions"}],"predecessor-version":[{"id":281,"href":"http:\/\/blog.os-teixeiras.com\/index.php?rest_route=\/wp\/v2\/posts\/275\/revisions\/281"}],"wp:attachment":[{"href":"http:\/\/blog.os-teixeiras.com\/index.php?rest_route=%2Fwp%2Fv2%2Fmedia&parent=275"}],"wp:term":[{"taxonomy":"category","embeddable":true,"href":"http:\/\/blog.os-teixeiras.com\/index.php?rest_route=%2Fwp%2Fv2%2Fcategories&post=275"},{"taxonomy":"post_tag","embeddable":true,"href":"http:\/\/blog.os-teixeiras.com\/index.php?rest_route=%2Fwp%2Fv2%2Ftags&post=275"}],"curies":[{"name":"wp","href":"https:\/\/api.w.org\/{rel}","templated":true}]}}